{"@context":"https:\/\/schema.org\/","@type":"CollectionPage","@id":"https:\/\/www.axios.cz\/www\/#CollectionPage","headline":"Www Category","description":"","url":"https:\/\/www.axios.cz\/www\/","hasPart":[{"@type":"Article","@id":"https:\/\/www.axios.cz\/priblizte-se-svym-zakaznikum\/","headline":"P\u0159ibli\u017ete se sv\u00fdm z\u00e1kazn\u00edk\u016fm","url":"https:\/\/www.axios.cz\/priblizte-se-svym-zakaznikum\/","datePublished":"2025-02-28","dateModified":"2023-05-05","mainEntityOfPage":"https:\/\/www.axios.cz\/priblizte-se-svym-zakaznikum\/","author":{"@type":"Person","@id":"https:\/\/www.axios.cz\/author\/#Person","name":"axios.cz\n","url":"https:\/\/www.axios.cz\/author\/","identifier":1,"image":{"@type":"ImageObject","@id":"https:\/\/secure.gravatar.com\/avatar\/1ea551d08e5aaea35ec0edab8371d7eaf798177f38aa8a77e65ff33bf2d8edc8?s=96&d=mm&r=g","url":"https:\/\/secure.gravatar.com\/avatar\/1ea551d08e5aaea35ec0edab8371d7eaf798177f38aa8a77e65ff33bf2d8edc8?s=96&d=mm&r=g","height":96,"width":96}},"publisher":{"@type":"Organization","name":"axios.cz","logo":{"@type":"ImageObject","@id":"\/logo.png","url":"\/logo.png","width":600,"height":60}},"image":{"@type":"ImageObject","@id":"https:\/\/www.axios.cz\/wp-content\/uploads\/img_a327176_w2211_t1539439920.jpg","url":"https:\/\/www.axios.cz\/wp-content\/uploads\/img_a327176_w2211_t1539439920.jpg","height":0,"width":0},"keywords":null},{"@type":"Article","@id":"https:\/\/www.axios.cz\/cas-problemy-a-reseni\/","headline":"\u010cas, probl\u00e9my a \u0159e\u0161en\u00ed","url":"https:\/\/www.axios.cz\/cas-problemy-a-reseni\/","datePublished":"2025-02-22","dateModified":"2023-05-05","mainEntityOfPage":"https:\/\/www.axios.cz\/cas-problemy-a-reseni\/","author":{"@type":"Person","@id":"https:\/\/www.axios.cz\/author\/#Person","name":"axios.cz\n","url":"https:\/\/www.axios.cz\/author\/","identifier":1,"image":{"@type":"ImageObject","@id":"https:\/\/secure.gravatar.com\/avatar\/1ea551d08e5aaea35ec0edab8371d7eaf798177f38aa8a77e65ff33bf2d8edc8?s=96&d=mm&r=g","url":"https:\/\/secure.gravatar.com\/avatar\/1ea551d08e5aaea35ec0edab8371d7eaf798177f38aa8a77e65ff33bf2d8edc8?s=96&d=mm&r=g","height":96,"width":96}},"publisher":{"@type":"Organization","name":"axios.cz","logo":{"@type":"ImageObject","@id":"\/logo.png","url":"\/logo.png","width":600,"height":60}},"image":{"@type":"ImageObject","@id":"https:\/\/www.axios.cz\/wp-content\/uploads\/img_a304046_w2211_t1515016048.jpg","url":"https:\/\/www.axios.cz\/wp-content\/uploads\/img_a304046_w2211_t1515016048.jpg","height":0,"width":0},"keywords":null},{"@type":"Article","@id":"https:\/\/www.axios.cz\/kde-usporadat-firemni-party\/","headline":"Kde uspo\u0159\u00e1dat firemn\u00ed party","url":"https:\/\/www.axios.cz\/kde-usporadat-firemni-party\/","datePublished":"2024-08-05","dateModified":"2024-08-05","mainEntityOfPage":"https:\/\/www.axios.cz\/kde-usporadat-firemni-party\/","author":{"@type":"Person","@id":"https:\/\/www.axios.cz\/author\/#Person","name":"axios.cz\n","url":"https:\/\/www.axios.cz\/author\/","identifier":1,"image":{"@type":"ImageObject","@id":"https:\/\/secure.gravatar.com\/avatar\/1ea551d08e5aaea35ec0edab8371d7eaf798177f38aa8a77e65ff33bf2d8edc8?s=96&d=mm&r=g","url":"https:\/\/secure.gravatar.com\/avatar\/1ea551d08e5aaea35ec0edab8371d7eaf798177f38aa8a77e65ff33bf2d8edc8?s=96&d=mm&r=g","height":96,"width":96}},"publisher":{"@type":"Organization","name":"axios.cz","logo":{"@type":"ImageObject","@id":"\/logo.png","url":"\/logo.png","width":600,"height":60}},"image":{"@type":"ImageObject","@id":"https:\/\/www.axios.cz\/wp-content\/uploads\/people-2589091_640_1.jpg","url":"https:\/\/www.axios.cz\/wp-content\/uploads\/people-2589091_640_1.jpg","height":0,"width":0},"keywords":null},{"@type":"Article","@id":"https:\/\/www.axios.cz\/kdo-by-si-mel-i-dnes-zalozit-vlastni-webovou-stranku\/","headline":"Kdo by si m\u011bl i dnes zalo\u017eit vlastn\u00ed webovou str\u00e1nku","url":"https:\/\/www.axios.cz\/kdo-by-si-mel-i-dnes-zalozit-vlastni-webovou-stranku\/","datePublished":"2022-03-17","dateModified":"2023-05-05","mainEntityOfPage":"https:\/\/www.axios.cz\/kdo-by-si-mel-i-dnes-zalozit-vlastni-webovou-stranku\/","author":{"@type":"Person","@id":"https:\/\/www.axios.cz\/author\/#Person","name":"axios.cz\n","url":"https:\/\/www.axios.cz\/author\/","identifier":1,"image":{"@type":"ImageObject","@id":"https:\/\/secure.gravatar.com\/avatar\/1ea551d08e5aaea35ec0edab8371d7eaf798177f38aa8a77e65ff33bf2d8edc8?s=96&d=mm&r=g","url":"https:\/\/secure.gravatar.com\/avatar\/1ea551d08e5aaea35ec0edab8371d7eaf798177f38aa8a77e65ff33bf2d8edc8?s=96&d=mm&r=g","height":96,"width":96}},"publisher":{"@type":"Organization","name":"axios.cz","logo":{"@type":"ImageObject","@id":"\/logo.png","url":"\/logo.png","width":600,"height":60}},"image":{"@type":"ImageObject","@id":"https:\/\/www.axios.cz\/wp-content\/uploads\/intobchod1_10_5.jpg","url":"https:\/\/www.axios.cz\/wp-content\/uploads\/intobchod1_10_5.jpg","height":0,"width":0},"keywords":null},{"@type":"Article","@id":"https:\/\/www.axios.cz\/uceni-na-pocitaci\/","headline":"U\u010den\u00ed na po\u010d\u00edta\u010di","url":"https:\/\/www.axios.cz\/uceni-na-pocitaci\/","datePublished":"2021-12-24","dateModified":"2023-05-05","mainEntityOfPage":"https:\/\/www.axios.cz\/uceni-na-pocitaci\/","author":{"@type":"Person","@id":"https:\/\/www.axios.cz\/author\/#Person","name":"axios.cz\n","url":"https:\/\/www.axios.cz\/author\/","identifier":1,"image":{"@type":"ImageObject","@id":"https:\/\/secure.gravatar.com\/avatar\/1ea551d08e5aaea35ec0edab8371d7eaf798177f38aa8a77e65ff33bf2d8edc8?s=96&d=mm&r=g","url":"https:\/\/secure.gravatar.com\/avatar\/1ea551d08e5aaea35ec0edab8371d7eaf798177f38aa8a77e65ff33bf2d8edc8?s=96&d=mm&r=g","height":96,"width":96}},"publisher":{"@type":"Organization","name":"axios.cz","logo":{"@type":"ImageObject","@id":"\/logo.png","url":"\/logo.png","width":600,"height":60}},"image":{"@type":"ImageObject","@id":"https:\/\/www.axios.cz\/wp-content\/uploads\/pexels-tranmautritam-251225_3.jpg","url":"https:\/\/www.axios.cz\/wp-content\/uploads\/pexels-tranmautritam-251225_3.jpg","height":0,"width":0},"keywords":null}]}