[{"@context":"https:\/\/schema.org\/","@type":"Article","@id":"https:\/\/www.axios.cz\/v-prirode-si-procistime-hlavu-nejlepe\/#Article","mainEntityOfPage":"https:\/\/www.axios.cz\/v-prirode-si-procistime-hlavu-nejlepe\/","headline":"V P\u0158\u00cdROD\u011a SI PRO\u010cIST\u00cdME HLAVU NEJL\u00c9PE","name":"V P\u0158\u00cdROD\u011a SI PRO\u010cIST\u00cdME HLAVU NEJL\u00c9PE","description":"Pro milovn\u00edka p\u0159\u00edrodn\u00edch kr\u00e1s je pobyt v\u00a0lese, na louce, \u010di na kopci s p\u0159ipraven\u00fdm fotoapar\u00e1tem, ten nejlep\u0161\u00ed zp\u016fsob z\u00e1bavy. Nejde o to tam b\u00fdt s\u00e1m a potichu \u010dekat na p\u0159\u00edle\u017eitost, ale o um\u011bn\u00ed vn\u00edmat i ten nejmen\u0161\u00ed detail, kter\u00fd stoj\u00ed za zachycen\u00ed. P\u0159edstavte si mot\u00fdla, jak sv\u00fdm plavn\u00fdm zp\u016fsobem used\u00e1 na rozkvetl\u00fd bodl\u00e1k. Pohotov\u00fd fotograf [&hellip;]","datePublished":"2025-02-27","dateModified":"2023-05-05","author":{"@type":"Person","@id":"https:\/\/www.axios.cz\/author\/#Person","name":"axios.cz\n","url":"https:\/\/www.axios.cz\/author\/","identifier":1,"image":{"@type":"ImageObject","@id":"https:\/\/secure.gravatar.com\/avatar\/1ea551d08e5aaea35ec0edab8371d7eaf798177f38aa8a77e65ff33bf2d8edc8?s=96&d=mm&r=g","url":"https:\/\/secure.gravatar.com\/avatar\/1ea551d08e5aaea35ec0edab8371d7eaf798177f38aa8a77e65ff33bf2d8edc8?s=96&d=mm&r=g","height":96,"width":96}},"publisher":{"@type":"Organization","name":"axios.cz","logo":{"@type":"ImageObject","@id":"\/logo.png","url":"\/logo.png","width":600,"height":60}},"image":{"@type":"ImageObject","@id":"https:\/\/www.axios.cz\/wp-content\/uploads\/img_a305198_w2211_t1516708944.jpg","url":"https:\/\/www.axios.cz\/wp-content\/uploads\/img_a305198_w2211_t1516708944.jpg","height":0,"width":0},"url":"https:\/\/www.axios.cz\/v-prirode-si-procistime-hlavu-nejlepe\/","about":["Z\u00e1bava"],"wordCount":682,"articleBody":"Pro milovn\u00edka p\u0159\u00edrodn\u00edch kr\u00e1s je pobyt v\u00a0lese, na louce, \u010di na kopci s p\u0159ipraven\u00fdm fotoapar\u00e1tem, ten nejlep\u0161\u00ed zp\u016fsob z\u00e1bavy. Nejde o to tam b\u00fdt s\u00e1m a potichu \u010dekat na p\u0159\u00edle\u017eitost, ale o um\u011bn\u00ed vn\u00edmat i ten nejmen\u0161\u00ed detail, kter\u00fd stoj\u00ed za zachycen\u00ed.P\u0159edstavte si mot\u00fdla, jak sv\u00fdm plavn\u00fdm zp\u016fsobem used\u00e1 na rozkvetl\u00fd bodl\u00e1k. Pohotov\u00fd fotograf m\u00e1 sn\u00edmek jak z\u00a0\u010dasopisu.Samoz\u0159ejm\u011b, poka\u017ed\u00e9 se nepoda\u0159\u00ed zachytit p\u0159\u00edrodu nerozmazan\u011b. Ale o tom to je. \u010clov\u011bk se nau\u010d\u00ed koncentrovat a z\u00e1rove\u0148 odpo\u010d\u00edv\u00e1.Zachytit v\u010delu ve chv\u00edli, kdy si do rozkvetl\u00e9 jablon\u011b p\u0159i\u0161la pro pyl, je nejkr\u00e1sn\u011bj\u0161\u00ed sn\u00edmek.Proch\u00e1zka ale nemus\u00ed b\u00fdt jen o fotografov\u00e1n\u00ed p\u0159\u00edrody. M\u016f\u017eete si s\u00a0sebou vz\u00edt n\u011bkoho, kdo r\u00e1d zap\u00f3zuje ve vysok\u00e9 tr\u00e1v\u011b, u vo\u0148av\u00e9ho slo\u017een\u00e9ho d\u0159eva, \u010di u rozkvetl\u00e9ho ke\u0159e. Nab\u00edz\u00ed se nep\u0159ebern\u00e9 mno\u017estv\u00ed mo\u017enost\u00ed.J\u00e1 v\u00edm, n\u011bkdo nam\u00edtne, \u017ee p\u0159\u00edrody je \u010d\u00edm d\u00e1l t\u00edm m\u00e9n\u011b. Ano, je to pravda, proto mus\u00edme chr\u00e1nit to, co n\u00e1m z\u00a0n\u00ed zb\u00fdv\u00e1 a u\u017e\u00edvat si ji pln\u00fdmi dou\u0161ky.\u010casto se st\u00e1v\u00e1, \u017ee se vyd\u00e1me na v\u00fdlet n\u011bkam, kam to m\u00e1me d\u00e1l, proto\u017ee se u\u017e nechceme proch\u00e1zet jen po notoricky zn\u00e1m\u00fdch m\u00edstech a zjist\u00edme, \u017ee stejn\u00fd n\u00e1pad m\u011blo v\u00edc lid\u00ed.Bohu\u017eel tomu nezabr\u00e1n\u00edme.M\u016f\u017eeme ale toho vyu\u017e\u00edt k\u00a0focen\u00ed nev\u0161edn\u00edch sn\u00edmk\u016f, jako je zachycen\u00ed n\u00e1hodn\u00e9ho kolemjdouc\u00edho, b\u011bhaj\u00edc\u00ed rozradostn\u011bn\u00e9 d\u011bti, \u010dmuchaj\u00edc\u00edho psa, kter\u00fd je samoz\u0159ejm\u011b na vod\u00edtku a mo\u017en\u00e1 se n\u00e1m poda\u0159\u00ed \u201ccvaknout\u201c srnu vykukuj\u00edc\u00ed mezi stromy.Nen\u00ed ale nutn\u00e9 br\u00e1t si poka\u017ed\u00e9 fotoapar\u00e1t nebo m\u00edt po ruce mobil.Pobyt venku si m\u016f\u017eeme u\u017e\u00edvat i jen tak. Nap\u0159\u00edklad se zastav\u00edme, zhluboka se nadechneme a pomalu vydechneme. V\u00a0tu chv\u00edli m\u00e1me pocit, jako kdyby n\u00e1mi cel\u00e1 p\u0159\u00edroda prostoupila.Pomal\u00fdm krokem se vyd\u00e1v\u00e1me po cesti\u010dce a vn\u00edm\u00e1me ka\u017ed\u00fd strom, ka\u017edou kv\u011btinu, naslouch\u00e1me zp\u011bvu pt\u00e1k\u016f a ani si neuv\u011bdomujeme, jak moc dob\u0159e n\u00e1m je.BRRR, kolem n\u00e1s se proplazila u\u017eovka.Tak\u00e9 ji nem\u00e1te r\u00e1di? \u00a0Pravda, jej\u00ed fotku bych si se zal\u00edben\u00edm tak\u00e9 neprohl\u00ed\u017eela, ale ona je u\u017eite\u010dn\u00e1. I kdy\u017e se n\u00e1m nel\u00edb\u00ed. Jej\u00ed potravou jsou je\u0161t\u011brky, hmyz, oboj\u017eiveln\u00edci a ryby.Hop!Sko\u010dil lu\u010dn\u00ed kon\u00edk. V\u011bt\u0161inou \u017eije v\u00a0ke\u0159\u00edch a na stromech.Jako d\u011bti jsme se je sna\u017eily chytat do dlan\u00ed a sm\u00e1ly jsme se, jak n\u00e1s lechtaly jejich no\u017ei\u010dky a tykadla.Dnes je skoro vz\u00e1cnost na n\u011b narazit. Ale p\u0159i tro\u0161e \u0161t\u011bst\u00ed\u2026V\u016fbec nen\u00ed nutn\u00e9, abychom vyr\u00e1\u017eeli ven jen za slunn\u00e9ho po\u010das\u00ed. Sice lij\u00e1k nen\u00ed to prav\u00e9 o\u0159echov\u00e9, ale kdy\u017e je pod mrakem, vn\u00edm\u00e1me ztichl\u00e9 okol\u00ed \u010dekaj\u00edc\u00ed na d\u00e9\u0161\u0165.I v\u00a0zim\u011b, kdy zem pokr\u00fdv\u00e1 sn\u00edh, je proch\u00e1zka t\u00edm nejlep\u0161\u00edm.V\u0161ude je ticho, v\u00a0lese m\u016f\u017eeme vid\u011bt stopy zv\u00ed\u0159at, sn\u00edh kr\u00e1sn\u011b k\u0159upe pod nohama, zimou n\u00e1m \u010dervenaj\u00ed nosy a my se po dvouhodinov\u00e9m proch\u00e1zen\u00ed m\u016f\u017eeme za\u010d\u00edt t\u011b\u0161it t\u0159eba na b\u00e1bovku \u010dekaj\u00edc\u00ed na n\u00e1\u0161 n\u00e1vrat.Kdy\u017e za sebou zav\u00edr\u00e1me dve\u0159e na\u0161eho domova po takov\u00e9m v\u00fdlet\u011b, nen\u00ed mo\u017en\u00e9, abychom byli vy\u010derpan\u00ed. Ano, nohy n\u00e1s bol\u00ed, ale hlava \u0159\u00edk\u00e1:\u00b4klidn\u011b m\u016f\u017ee\u0161 zase jet naplno, proto\u017ee jsem se kr\u00e1sn\u011b pro\u010distila\u00b4.                                                                                                                                                                                                                                                                                                                                                                                        3.8\/5 - (6 votes)        "},{"@context":"https:\/\/schema.org\/","@type":"BreadcrumbList","itemListElement":[{"@type":"ListItem","position":1,"name":"V P\u0158\u00cdROD\u011a SI PRO\u010cIST\u00cdME HLAVU NEJL\u00c9PE","item":"https:\/\/www.axios.cz\/v-prirode-si-procistime-hlavu-nejlepe\/#breadcrumbitem"}]}]