[{"@context":"https:\/\/schema.org\/","@type":"Article","@id":"https:\/\/www.axios.cz\/stribro-ve-vlasech\/#Article","mainEntityOfPage":"https:\/\/www.axios.cz\/stribro-ve-vlasech\/","headline":"St\u0159\u00edbro ve vlasech","name":"St\u0159\u00edbro ve vlasech","description":"Majitelky tmav\u0161\u00edch vlas\u016f s t\u00edm maj\u00ed probl\u00e9m v\u011bt\u0161inou d\u0159\u00edve a tak\u00e9 je to v jejich p\u0159\u00edpad\u011b v\u00edce vid\u011bt. Dokud je jich jen p\u00e1r, nen\u00ed to probl\u00e9m, ale za n\u011bjakou dobu vid\u011bt \u0161ediv\u00e9 odrosty u tmav\u00fdch vlas\u016f brzy. Tmavovl\u00e1sky stoj\u00ed p\u0159ed rozhodov\u00e1n\u00edm, zda dobarvovat ka\u017ed\u00fdch 14 dn\u00ed nebo j\u00edt do blond. Ne\u017e za\u010dnete panika\u0159it a pou\u0161t\u011bt [&hellip;]","datePublished":"2025-02-25","dateModified":"2023-05-05","author":{"@type":"Person","@id":"https:\/\/www.axios.cz\/author\/#Person","name":"axios.cz\n","url":"https:\/\/www.axios.cz\/author\/","identifier":1,"image":{"@type":"ImageObject","@id":"https:\/\/secure.gravatar.com\/avatar\/1ea551d08e5aaea35ec0edab8371d7eaf798177f38aa8a77e65ff33bf2d8edc8?s=96&d=mm&r=g","url":"https:\/\/secure.gravatar.com\/avatar\/1ea551d08e5aaea35ec0edab8371d7eaf798177f38aa8a77e65ff33bf2d8edc8?s=96&d=mm&r=g","height":96,"width":96}},"publisher":{"@type":"Organization","name":"axios.cz","logo":{"@type":"ImageObject","@id":"\/logo.png","url":"\/logo.png","width":600,"height":60}},"image":{"@type":"ImageObject","@id":"https:\/\/www.axios.cz\/wp-content\/uploads\/img_a308825_w2211_t1519846407.jpg","url":"https:\/\/www.axios.cz\/wp-content\/uploads\/img_a308825_w2211_t1519846407.jpg","height":0,"width":0},"url":"https:\/\/www.axios.cz\/stribro-ve-vlasech\/","about":["Kr\u00e1sa"],"wordCount":460,"articleBody":"Majitelky tmav\u0161\u00edch vlas\u016f s t\u00edm maj\u00ed probl\u00e9m v\u011bt\u0161inou d\u0159\u00edve a tak\u00e9 je to v jejich p\u0159\u00edpad\u011b v\u00edce vid\u011bt. Dokud je jich jen p\u00e1r, nen\u00ed to probl\u00e9m, ale za n\u011bjakou dobu vid\u011bt \u0161ediv\u00e9 odrosty u tmav\u00fdch vlas\u016f brzy. Tmavovl\u00e1sky stoj\u00ed p\u0159ed rozhodov\u00e1n\u00edm, zda dobarvovat ka\u017ed\u00fdch 14 dn\u00ed nebo j\u00edt do blond. Ne\u017e za\u010dnete panika\u0159it a pou\u0161t\u011bt se do riskantn\u00edch experiment\u016f, \u010dt\u011bte d\u00e1l. \u0158e\u0161en\u00ed nemus\u00ed b\u00fdt zdaleka tak dramatick\u00e9.\u00a0V\u011bt\u0161ina z n\u00e1s opravdu nechce utratit za slu\u017eby kade\u0159n\u00edk\u016f n\u011bkolik set (i v\u00edc) ka\u017ed\u00fdch 14 dn\u00ed. \u010casto tedy p\u0159ich\u00e1z\u00ed na \u0159adu dom\u00e1c\u00ed barven\u00ed nebo radik\u00e1ln\u00ed zm\u011bna v podob\u011b v\u00fdrazn\u00e9ho zesv\u011btlen\u00ed vlas\u016f. Ani jedno z t\u011bchto \u0159e\u0161en\u00ed ov\u0161em nen\u00ed t\u00edm ide\u00e1ln\u00edm pro ka\u017ed\u00e9ho.\u00a0\tDobarvov\u00e1n\u00edPokud opakovan\u011b pou\u017e\u00edv\u00e1te barvu z drogerie, vznik\u00e1 postupn\u011b tmav\u0161\u00ed a tmav\u0161\u00ed odst\u00edn. M\u00e1te t\u0159eba sv\u011btle nebo st\u0159edn\u011b hn\u011bd\u00fd a po p\u00e1r barven\u00edch se dostanete t\u0159eba a\u017e na \u010dern\u00fd odst\u00edn. V \u010dern\u00e9 jsou pak odrosty vid\u011bt je\u0161t\u011b d\u0159\u00edv. Nav\u00edc v n\u00ed lid\u00e9 vypadaj\u00ed v\u011bt\u0161inou star\u0161\u00ed, v\u00edce v n\u00ed vyniknou vr\u00e1sky a zost\u0159uj\u00ed se rysy.\u00a0Odborn\u00edci proto doporu\u010duj\u00ed j\u00edt opa\u010dn\u00fdm sm\u011brem. Tedy p\u0159ech\u00e1zet na sv\u011btlej\u0161\u00ed odst\u00edn sv\u00e9 p\u016fvodn\u00ed hn\u011bd\u00e9 barvy. Vlasy je tak\u00e9 mo\u017eno prosv\u011btlit pomoc\u00ed prou\u017ek\u016f. Z\u00edskaj\u00ed sv\u011btlej\u0161\u00ed n\u00e1dech, ale nejsou zesv\u011btleny cel\u00e9 a nen\u00ed to tak radik\u00e1ln\u00ed jako odbarven\u00ed na blond. T\u00edmto zp\u016fsobem d\u00e1 mnohem \u0161etrn\u011bji zjistit, kter\u00fd odst\u00edn je pro v\u00e1s ten prav\u00fd a bude v\u00e1m slu\u0161et.\u00a0\tOdbarvov\u00e1n\u00edZesv\u011btlov\u00e1n\u00ed o v\u00edce barevn\u00fdch odst\u00edn\u016f prov\u00e1d\u011bn\u00e9 p\u0159\u00edli\u0161 \u010dasto vlasy ni\u010d\u00ed a doch\u00e1z\u00ed t\u00e9\u017e k vysych\u00e1n\u00ed jejich kone\u010dk\u016f. Pokud m\u00e1te \u0161ediv\u00fdch vlas\u016f m\u00e9n\u011b a blond v\u00e1m nav\u00edc moc nesed\u00ed, je ur\u010dit\u011b lep\u0161\u00edm \u0159e\u0161en\u00edm z\u016fstat u odst\u00ednu p\u016fvodn\u00edho. Nebojte se toho. Nebude vznikat rozd\u00edl u dor\u016fstaj\u00edc\u00edch vlas\u016f a \u00fa\u010des bude p\u016fsobit mnohem p\u0159irozen\u011bj\u0161\u00edm dojmem.\u00a0Nen\u00ed to v\u017edy tak, ale v\u011bt\u0161inou p\u00e1r let p\u0159id\u00e1vaj\u00ed tak\u00e9 dlouh\u00e9 vlasy. Stylisti v\u011bt\u0161inou doporu\u010duj\u00ed zkr\u00e1tit na d\u00e9lku maxim\u00e1ln\u011b po ramena.A\u0165 zvol\u00edte jak\u00e9koli \u0159e\u0161en\u00ed, doporu\u010dujeme ho probrat se zku\u0161en\u00fdm kade\u0159n\u00edkem!                                                                                                                                                                                                                                                                                                                                                                                        4.4\/5 - (9 votes)        "},{"@context":"https:\/\/schema.org\/","@type":"BreadcrumbList","itemListElement":[{"@type":"ListItem","position":1,"name":"St\u0159\u00edbro ve vlasech","item":"https:\/\/www.axios.cz\/stribro-ve-vlasech\/#breadcrumbitem"}]}]