[{"@context":"https:\/\/schema.org\/","@type":"Article","@id":"https:\/\/www.axios.cz\/s-detmi-se-na-horach-nudit-nebudete\/#Article","mainEntityOfPage":"https:\/\/www.axios.cz\/s-detmi-se-na-horach-nudit-nebudete\/","headline":"S d\u011btmi se na hor\u00e1ch nudit nebudete","name":"S d\u011btmi se na hor\u00e1ch nudit nebudete","description":"Jak zabavit d\u011bti na dovolen\u00e9? Nejl\u00e9pe precizn\u011b p\u0159edem p\u0159ipraven\u00fdm programem. M\u00e1te-li v pl\u00e1nu vycestovat nap\u0159\u00edklad na rozhran\u00ed orlick\u00fdch hor, Jesen\u00edk\u016f a Kr\u00e1lick\u00e9ho Sn\u011b\u017en\u00edku, m\u00e1me pro v\u00e1s n\u011bkolik tip\u016f, jak tu pro\u017e\u00edt b\u00e1je\u010dn\u00fd t\u00fdden. Za prv\u00e9 \u2013 sjednejte si v\u010das ubytov\u00e1n\u00ed s d\u011btmi v Doln\u00ed Morav\u011b, je to vyhl\u00e1\u0161en\u00e9 st\u0159edisko s celoro\u010dn\u00edm provozem. V zim\u011b je [&hellip;]","datePublished":"2022-04-26","dateModified":"2023-05-05","author":{"@type":"Person","@id":"https:\/\/www.axios.cz\/author\/#Person","name":"axios.cz\n","url":"https:\/\/www.axios.cz\/author\/","identifier":1,"image":{"@type":"ImageObject","@id":"https:\/\/secure.gravatar.com\/avatar\/1ea551d08e5aaea35ec0edab8371d7eaf798177f38aa8a77e65ff33bf2d8edc8?s=96&d=mm&r=g","url":"https:\/\/secure.gravatar.com\/avatar\/1ea551d08e5aaea35ec0edab8371d7eaf798177f38aa8a77e65ff33bf2d8edc8?s=96&d=mm&r=g","height":96,"width":96}},"publisher":{"@type":"Organization","name":"axios.cz","logo":{"@type":"ImageObject","@id":"\/logo.png","url":"\/logo.png","width":600,"height":60}},"image":{"@type":"ImageObject","@id":"https:\/\/www.axios.cz\/wp-content\/uploads\/trees-7083448_640_4.jpg","url":"https:\/\/www.axios.cz\/wp-content\/uploads\/trees-7083448_640_4.jpg","height":0,"width":0},"url":"https:\/\/www.axios.cz\/s-detmi-se-na-horach-nudit-nebudete\/","about":["Business"],"wordCount":439,"articleBody":"   Jak zabavit d\u011bti na dovolen\u00e9? Nejl\u00e9pe precizn\u011b p\u0159edem p\u0159ipraven\u00fdm programem. M\u00e1te-li v pl\u00e1nu vycestovat nap\u0159\u00edklad na rozhran\u00ed orlick\u00fdch hor, Jesen\u00edk\u016f a Kr\u00e1lick\u00e9ho Sn\u011b\u017en\u00edku, m\u00e1me pro v\u00e1s n\u011bkolik tip\u016f, jak tu pro\u017e\u00edt b\u00e1je\u010dn\u00fd t\u00fdden.Za prv\u00e9 \u2013 sjednejte si v\u010das ubytov\u00e1n\u00ed s d\u011btmi v Doln\u00ed Morav\u011b, je to vyhl\u00e1\u0161en\u00e9 st\u0159edisko s celoro\u010dn\u00edm provozem. V zim\u011b je tu obvykle plno a potk\u00e1te tu mnoho ly\u017ea\u0159\u016f na sjezdovk\u00e1ch i na b\u011b\u017ek\u00e1ch, ov\u0161em o letn\u00edch pr\u00e1zdnin\u00e1ch je tu o pozn\u00e1n\u00ed klidn\u011bji. Pat\u0159\u00edte-li k lidem, co vyhled\u00e1vaj\u00ed sp\u00ed\u0161e klid, nemaj\u00ed v l\u00e1sce letn\u00ed vedra n\u011bkde na pl\u00e1\u017ei, a rad\u011bji obuj\u00ed tenisky \u010di trekov\u00e9 boty a chod\u00ed po kopc\u00edch, je to pro v\u00e1s dobr\u00e1 volba.Za druh\u00e9 \u2013 v\u00e1s i va\u0161e ratolesti by mohla zaj\u00edmat lanov\u00e1 dr\u00e1ha Sn\u011b\u017en\u00edk a \u00fachvatn\u00e1 rozhledna Stezka v oblac\u00edch. Je tu v okol\u00ed Doln\u00ed Moravy \u0159ada turisticky zna\u010den\u00fdch cest i cyklotras, m\u016f\u017eete si tu pronajmout bicykly a u\u017e\u00edt si tamn\u00edho ter\u00e9nu tak trochu adrenalinov\u011b. Krom\u011b Stezky v oblac\u00edch je tu v oblasti Kr\u00e1lick\u00e9ho Sn\u011b\u017en\u00edku je\u0161t\u011b asi osm dal\u0161\u00edch zaj\u00edmav\u00fdch vyhl\u00eddek do krajiny.Za t\u0159et\u00ed \u2013 pokud v\u00e1m p\u0159ipad\u00e1, \u017ee Stezka v oblac\u00edch je p\u0159\u00edli\u0161 p\u0159elidn\u011bna a zrovna natref\u00edte na zv\u00fd\u0161en\u00fd turistick\u00fd z\u00e1jem o tuto atrakci, m\u016f\u017eete se vydat jinam, kde neb\u00fdv\u00e1 v l\u00e9t\u011b tolik turist\u016f. M\u016f\u017eete nasednout do auta a projet se sm\u011brem do Hanu\u0161ovic, Ostru\u017en\u00e9, Lipov\u00e9-L\u00e1zn\u00ed, Jesen\u00edku a do Zlat\u00fdch Hor. V n\u011bkter\u00fdch m\u00edstech jsou op\u011bt od silnice p\u0159ekr\u00e1sn\u00e9 v\u00fdhledy, zejm\u00e9na mezi Jesen\u00edkem a Zlat\u00fdmi Horami. Doporu\u010dujeme v\u00e1m nav\u0161t\u00edvit i ra\u0161elini\u0161t\u011b Rejv\u00edz a poob\u011bdvat v restauraci Na palou\u010dku.Za \u010dtvrt\u00e9 \u2013 zl\u00e1kat  https:\/\/www.tripadvisor.cz\/LocationPhotoDirectLink-g5312545-d10429122-i200398575-Stary_svet-Votice_Central_Bohemian_Region_Bohemia.html by v\u00e1s mohly na v\u00fdlet i Orlick\u00e9 hory, nap\u0159\u00edklad Barto\u0161ovice \u010di Rokytnice v Orlick\u00fdch hor\u00e1ch, anebo m\u016f\u017eete vystoupat na nejvy\u0161\u0161\u00ed horu Moravy \u2013 Prad\u011bd. Na Prad\u011bdu je k dispozici po cel\u00fd rok rozhledna s restaurac\u00ed a kr\u00e1sn\u00e9 v\u00fdletn\u00ed m\u00edsto jsou i vodop\u00e1dy B\u00edl\u00e9 Opavy a l\u00e1zn\u011b Karlova Stud\u00e1nka.                                                                                                                                                                                                                                                                                                                                                                                         4.8\/5 - (6 votes)        "},{"@context":"https:\/\/schema.org\/","@type":"BreadcrumbList","itemListElement":[{"@type":"ListItem","position":1,"name":"S d\u011btmi se na hor\u00e1ch nudit nebudete","item":"https:\/\/www.axios.cz\/s-detmi-se-na-horach-nudit-nebudete\/#breadcrumbitem"}]}]