{"@context":"https:\/\/schema.org\/","@type":"CollectionPage","@id":"https:\/\/www.axios.cz\/krasa\/#CollectionPage","headline":"Kr\u00e1sa Category","description":"","url":"https:\/\/www.axios.cz\/krasa\/","hasPart":[{"@type":"Article","@id":"https:\/\/www.axios.cz\/zasady-pro-spravne-holeni-a-pro-udrzeni-mladistveho-vzhledu-muzske-pleti\/","headline":"Z\u00e1sady pro spr\u00e1vn\u00e9 holen\u00ed a pro udr\u017een\u00ed mladistv\u00e9ho vzhledu mu\u017esk\u00e9 pleti","url":"https:\/\/www.axios.cz\/zasady-pro-spravne-holeni-a-pro-udrzeni-mladistveho-vzhledu-muzske-pleti\/","datePublished":"2025-02-28","dateModified":"2023-05-05","mainEntityOfPage":"https:\/\/www.axios.cz\/zasady-pro-spravne-holeni-a-pro-udrzeni-mladistveho-vzhledu-muzske-pleti\/","author":{"@type":"Person","@id":"https:\/\/www.axios.cz\/author\/#Person","name":"axios.cz\n","url":"https:\/\/www.axios.cz\/author\/","identifier":1,"image":{"@type":"ImageObject","@id":"https:\/\/secure.gravatar.com\/avatar\/1ea551d08e5aaea35ec0edab8371d7eaf798177f38aa8a77e65ff33bf2d8edc8?s=96&d=mm&r=g","url":"https:\/\/secure.gravatar.com\/avatar\/1ea551d08e5aaea35ec0edab8371d7eaf798177f38aa8a77e65ff33bf2d8edc8?s=96&d=mm&r=g","height":96,"width":96}},"publisher":{"@type":"Organization","name":"axios.cz","logo":{"@type":"ImageObject","@id":"\/logo.png","url":"\/logo.png","width":600,"height":60}},"image":{"@type":"ImageObject","@id":"https:\/\/www.axios.cz\/wp-content\/uploads\/img_a339688_w2211_t1552825925.jpg","url":"https:\/\/www.axios.cz\/wp-content\/uploads\/img_a339688_w2211_t1552825925.jpg","height":0,"width":0},"keywords":null},{"@type":"Article","@id":"https:\/\/www.axios.cz\/stribro-ve-vlasech\/","headline":"St\u0159\u00edbro ve vlasech","url":"https:\/\/www.axios.cz\/stribro-ve-vlasech\/","datePublished":"2025-02-25","dateModified":"2023-05-05","mainEntityOfPage":"https:\/\/www.axios.cz\/stribro-ve-vlasech\/","author":{"@type":"Person","@id":"https:\/\/www.axios.cz\/author\/#Person","name":"axios.cz\n","url":"https:\/\/www.axios.cz\/author\/","identifier":1,"image":{"@type":"ImageObject","@id":"https:\/\/secure.gravatar.com\/avatar\/1ea551d08e5aaea35ec0edab8371d7eaf798177f38aa8a77e65ff33bf2d8edc8?s=96&d=mm&r=g","url":"https:\/\/secure.gravatar.com\/avatar\/1ea551d08e5aaea35ec0edab8371d7eaf798177f38aa8a77e65ff33bf2d8edc8?s=96&d=mm&r=g","height":96,"width":96}},"publisher":{"@type":"Organization","name":"axios.cz","logo":{"@type":"ImageObject","@id":"\/logo.png","url":"\/logo.png","width":600,"height":60}},"image":{"@type":"ImageObject","@id":"https:\/\/www.axios.cz\/wp-content\/uploads\/img_a308825_w2211_t1519846407.jpg","url":"https:\/\/www.axios.cz\/wp-content\/uploads\/img_a308825_w2211_t1519846407.jpg","height":0,"width":0},"keywords":null},{"@type":"Article","@id":"https:\/\/www.axios.cz\/lipa-jako-zdroj-krasy\/","headline":"L\u00edpa \u2013 jako zdroj kr\u00e1sy","url":"https:\/\/www.axios.cz\/lipa-jako-zdroj-krasy\/","datePublished":"2025-02-23","dateModified":"2023-05-05","mainEntityOfPage":"https:\/\/www.axios.cz\/lipa-jako-zdroj-krasy\/","author":{"@type":"Person","@id":"https:\/\/www.axios.cz\/author\/#Person","name":"axios.cz\n","url":"https:\/\/www.axios.cz\/author\/","identifier":1,"image":{"@type":"ImageObject","@id":"https:\/\/secure.gravatar.com\/avatar\/1ea551d08e5aaea35ec0edab8371d7eaf798177f38aa8a77e65ff33bf2d8edc8?s=96&d=mm&r=g","url":"https:\/\/secure.gravatar.com\/avatar\/1ea551d08e5aaea35ec0edab8371d7eaf798177f38aa8a77e65ff33bf2d8edc8?s=96&d=mm&r=g","height":96,"width":96}},"publisher":{"@type":"Organization","name":"axios.cz","logo":{"@type":"ImageObject","@id":"\/logo.png","url":"\/logo.png","width":600,"height":60}},"image":{"@type":"ImageObject","@id":"https:\/\/www.axios.cz\/wp-content\/uploads\/img_a294894_w2211_t1506616098.jpg","url":"https:\/\/www.axios.cz\/wp-content\/uploads\/img_a294894_w2211_t1506616098.jpg","height":0,"width":0},"keywords":null},{"@type":"Article","@id":"https:\/\/www.axios.cz\/nemoci-vyssiho-veku-a-jejich-prevence\/","headline":"Nemoci vy\u0161\u0161\u00edho v\u011bku a jejich prevence","url":"https:\/\/www.axios.cz\/nemoci-vyssiho-veku-a-jejich-prevence\/","datePublished":"2019-04-02","dateModified":"2023-05-05","mainEntityOfPage":"https:\/\/www.axios.cz\/nemoci-vyssiho-veku-a-jejich-prevence\/","author":{"@type":"Person","@id":"https:\/\/www.axios.cz\/author\/#Person","name":"axios.cz\n","url":"https:\/\/www.axios.cz\/author\/","identifier":1,"image":{"@type":"ImageObject","@id":"https:\/\/secure.gravatar.com\/avatar\/1ea551d08e5aaea35ec0edab8371d7eaf798177f38aa8a77e65ff33bf2d8edc8?s=96&d=mm&r=g","url":"https:\/\/secure.gravatar.com\/avatar\/1ea551d08e5aaea35ec0edab8371d7eaf798177f38aa8a77e65ff33bf2d8edc8?s=96&d=mm&r=g","height":96,"width":96}},"publisher":{"@type":"Organization","name":"axios.cz","logo":{"@type":"ImageObject","@id":"\/logo.png","url":"\/logo.png","width":600,"height":60}},"image":{"@type":"ImageObject","@id":"https:\/\/www.axios.cz\/wp-content\/uploads\/img_a343083_w2211_t1556190794.jpg","url":"https:\/\/www.axios.cz\/wp-content\/uploads\/img_a343083_w2211_t1556190794.jpg","height":0,"width":0},"keywords":null},{"@type":"Article","@id":"https:\/\/www.axios.cz\/phentermine\/","headline":"Phentermine","url":"https:\/\/www.axios.cz\/phentermine\/","datePublished":"2018-02-01","dateModified":"2024-07-03","mainEntityOfPage":"https:\/\/www.axios.cz\/phentermine\/","author":{"@type":"Person","@id":"https:\/\/www.axios.cz\/author\/#Person","name":"axios.cz\n","url":"https:\/\/www.axios.cz\/author\/","identifier":1,"image":{"@type":"ImageObject","@id":"https:\/\/secure.gravatar.com\/avatar\/1ea551d08e5aaea35ec0edab8371d7eaf798177f38aa8a77e65ff33bf2d8edc8?s=96&d=mm&r=g","url":"https:\/\/secure.gravatar.com\/avatar\/1ea551d08e5aaea35ec0edab8371d7eaf798177f38aa8a77e65ff33bf2d8edc8?s=96&d=mm&r=g","height":96,"width":96}},"publisher":{"@type":"Organization","name":"axios.cz","logo":{"@type":"ImageObject","@id":"\/logo.png","url":"\/logo.png","width":600,"height":60}},"image":{"@type":"ImageObject","@id":"https:\/\/www.axios.cz\/wp-content\/uploads\/img_a311268_w2211_t1522148576.jpg","url":"https:\/\/www.axios.cz\/wp-content\/uploads\/img_a311268_w2211_t1522148576.jpg","height":0,"width":0},"keywords":null},{"@type":"Article","@id":"https:\/\/www.axios.cz\/k-velke-vecerni-patri-jen-a-pouze-psanicko\/","headline":"K velk\u00e9 ve\u010dern\u00ed pat\u0159\u00ed jen a pouze psan\u00ed\u010dko","url":"https:\/\/www.axios.cz\/k-velke-vecerni-patri-jen-a-pouze-psanicko\/","datePublished":"2017-08-24","dateModified":"2023-05-05","mainEntityOfPage":"https:\/\/www.axios.cz\/k-velke-vecerni-patri-jen-a-pouze-psanicko\/","author":{"@type":"Person","@id":"https:\/\/www.axios.cz\/author\/#Person","name":"axios.cz\n","url":"https:\/\/www.axios.cz\/author\/","identifier":1,"image":{"@type":"ImageObject","@id":"https:\/\/secure.gravatar.com\/avatar\/1ea551d08e5aaea35ec0edab8371d7eaf798177f38aa8a77e65ff33bf2d8edc8?s=96&d=mm&r=g","url":"https:\/\/secure.gravatar.com\/avatar\/1ea551d08e5aaea35ec0edab8371d7eaf798177f38aa8a77e65ff33bf2d8edc8?s=96&d=mm&r=g","height":96,"width":96}},"publisher":{"@type":"Organization","name":"axios.cz","logo":{"@type":"ImageObject","@id":"\/logo.png","url":"\/logo.png","width":600,"height":60}},"image":{"@type":"ImageObject","@id":"https:\/\/www.axios.cz\/wp-content\/uploads\/img_a305065_w2211_t1516363867.jpg","url":"https:\/\/www.axios.cz\/wp-content\/uploads\/img_a305065_w2211_t1516363867.jpg","height":0,"width":0},"keywords":null}]}