{"@context":"https:\/\/schema.org\/","@type":"CollectionPage","@id":"https:\/\/www.axios.cz\/elektro\/#CollectionPage","headline":"Elektro Category","description":"","url":"https:\/\/www.axios.cz\/elektro\/","hasPart":[{"@type":"Article","@id":"https:\/\/www.axios.cz\/mechanicky-termostat-versus-elektronicke-rizeni-teploty\/","headline":"Mechanick\u00fd termostat versus elektronick\u00e9 \u0159\u00edzen\u00ed teploty","url":"https:\/\/www.axios.cz\/mechanicky-termostat-versus-elektronicke-rizeni-teploty\/","datePublished":"2025-02-27","dateModified":"2023-05-05","mainEntityOfPage":"https:\/\/www.axios.cz\/mechanicky-termostat-versus-elektronicke-rizeni-teploty\/","author":{"@type":"Person","@id":"https:\/\/www.axios.cz\/author\/#Person","name":"axios.cz\n","url":"https:\/\/www.axios.cz\/author\/","identifier":1,"image":{"@type":"ImageObject","@id":"https:\/\/secure.gravatar.com\/avatar\/1ea551d08e5aaea35ec0edab8371d7eaf798177f38aa8a77e65ff33bf2d8edc8?s=96&d=mm&r=g","url":"https:\/\/secure.gravatar.com\/avatar\/1ea551d08e5aaea35ec0edab8371d7eaf798177f38aa8a77e65ff33bf2d8edc8?s=96&d=mm&r=g","height":96,"width":96}},"publisher":{"@type":"Organization","name":"axios.cz","logo":{"@type":"ImageObject","@id":"\/logo.png","url":"\/logo.png","width":600,"height":60}},"image":{"@type":"ImageObject","@id":"https:\/\/www.axios.cz\/wp-content\/uploads\/img_a308252_w2211_t1519373275.jpg","url":"https:\/\/www.axios.cz\/wp-content\/uploads\/img_a308252_w2211_t1519373275.jpg","height":0,"width":0},"keywords":null},{"@type":"Article","@id":"https:\/\/www.axios.cz\/odvlhcovac-vytvori-zdrave-prostredi\/","headline":"Odvlh\u010dova\u010d vytvo\u0159\u00ed zdrav\u00e9 prost\u0159ed\u00ed","url":"https:\/\/www.axios.cz\/odvlhcovac-vytvori-zdrave-prostredi\/","datePublished":"2025-02-26","dateModified":"2023-05-05","mainEntityOfPage":"https:\/\/www.axios.cz\/odvlhcovac-vytvori-zdrave-prostredi\/","author":{"@type":"Person","@id":"https:\/\/www.axios.cz\/author\/#Person","name":"axios.cz\n","url":"https:\/\/www.axios.cz\/author\/","identifier":1,"image":{"@type":"ImageObject","@id":"https:\/\/secure.gravatar.com\/avatar\/1ea551d08e5aaea35ec0edab8371d7eaf798177f38aa8a77e65ff33bf2d8edc8?s=96&d=mm&r=g","url":"https:\/\/secure.gravatar.com\/avatar\/1ea551d08e5aaea35ec0edab8371d7eaf798177f38aa8a77e65ff33bf2d8edc8?s=96&d=mm&r=g","height":96,"width":96}},"publisher":{"@type":"Organization","name":"axios.cz","logo":{"@type":"ImageObject","@id":"\/logo.png","url":"\/logo.png","width":600,"height":60}},"image":{"@type":"ImageObject","@id":"https:\/\/www.axios.cz\/wp-content\/uploads\/img_a297366_w2211_t1507834411.jpg","url":"https:\/\/www.axios.cz\/wp-content\/uploads\/img_a297366_w2211_t1507834411.jpg","height":0,"width":0},"keywords":null},{"@type":"Article","@id":"https:\/\/www.axios.cz\/kdyz-stare-elektrospotrebice-doslouzi\/","headline":"Kdy\u017e star\u00e9 elektrospot\u0159ebi\u010de doslou\u017e\u00ed","url":"https:\/\/www.axios.cz\/kdyz-stare-elektrospotrebice-doslouzi\/","datePublished":"2025-02-26","dateModified":"2023-05-05","mainEntityOfPage":"https:\/\/www.axios.cz\/kdyz-stare-elektrospotrebice-doslouzi\/","author":{"@type":"Person","@id":"https:\/\/www.axios.cz\/author\/#Person","name":"axios.cz\n","url":"https:\/\/www.axios.cz\/author\/","identifier":1,"image":{"@type":"ImageObject","@id":"https:\/\/secure.gravatar.com\/avatar\/1ea551d08e5aaea35ec0edab8371d7eaf798177f38aa8a77e65ff33bf2d8edc8?s=96&d=mm&r=g","url":"https:\/\/secure.gravatar.com\/avatar\/1ea551d08e5aaea35ec0edab8371d7eaf798177f38aa8a77e65ff33bf2d8edc8?s=96&d=mm&r=g","height":96,"width":96}},"publisher":{"@type":"Organization","name":"axios.cz","logo":{"@type":"ImageObject","@id":"\/logo.png","url":"\/logo.png","width":600,"height":60}},"image":{"@type":"ImageObject","@id":"https:\/\/www.axios.cz\/wp-content\/uploads\/img_a300858_w2211_t1510868876.jpg","url":"https:\/\/www.axios.cz\/wp-content\/uploads\/img_a300858_w2211_t1510868876.jpg","height":0,"width":0},"keywords":null},{"@type":"Article","@id":"https:\/\/www.axios.cz\/pozor-na-elektrinu\/","headline":"Pozor na elekt\u0159inu","url":"https:\/\/www.axios.cz\/pozor-na-elektrinu\/","datePublished":"2019-03-13","dateModified":"2023-05-05","mainEntityOfPage":"https:\/\/www.axios.cz\/pozor-na-elektrinu\/","author":{"@type":"Person","@id":"https:\/\/www.axios.cz\/author\/#Person","name":"axios.cz\n","url":"https:\/\/www.axios.cz\/author\/","identifier":1,"image":{"@type":"ImageObject","@id":"https:\/\/secure.gravatar.com\/avatar\/1ea551d08e5aaea35ec0edab8371d7eaf798177f38aa8a77e65ff33bf2d8edc8?s=96&d=mm&r=g","url":"https:\/\/secure.gravatar.com\/avatar\/1ea551d08e5aaea35ec0edab8371d7eaf798177f38aa8a77e65ff33bf2d8edc8?s=96&d=mm&r=g","height":96,"width":96}},"publisher":{"@type":"Organization","name":"axios.cz","logo":{"@type":"ImageObject","@id":"\/logo.png","url":"\/logo.png","width":600,"height":60}},"image":{"@type":"ImageObject","@id":"https:\/\/www.axios.cz\/wp-content\/uploads\/img_a339927_w2211_t1552995404.jpg","url":"https:\/\/www.axios.cz\/wp-content\/uploads\/img_a339927_w2211_t1552995404.jpg","height":0,"width":0},"keywords":null},{"@type":"Article","@id":"https:\/\/www.axios.cz\/vyhodne-ceny\/","headline":"V\u00fdhodn\u00e9 ceny","url":"https:\/\/www.axios.cz\/vyhodne-ceny\/","datePublished":"2017-09-22","dateModified":"2023-05-05","mainEntityOfPage":"https:\/\/www.axios.cz\/vyhodne-ceny\/","author":{"@type":"Person","@id":"https:\/\/www.axios.cz\/author\/#Person","name":"axios.cz\n","url":"https:\/\/www.axios.cz\/author\/","identifier":1,"image":{"@type":"ImageObject","@id":"https:\/\/secure.gravatar.com\/avatar\/1ea551d08e5aaea35ec0edab8371d7eaf798177f38aa8a77e65ff33bf2d8edc8?s=96&d=mm&r=g","url":"https:\/\/secure.gravatar.com\/avatar\/1ea551d08e5aaea35ec0edab8371d7eaf798177f38aa8a77e65ff33bf2d8edc8?s=96&d=mm&r=g","height":96,"width":96}},"publisher":{"@type":"Organization","name":"axios.cz","logo":{"@type":"ImageObject","@id":"\/logo.png","url":"\/logo.png","width":600,"height":60}},"image":{"@type":"ImageObject","@id":"https:\/\/www.axios.cz\/wp-content\/uploads\/img_a302244_w2211_t1512114510.jpg","url":"https:\/\/www.axios.cz\/wp-content\/uploads\/img_a302244_w2211_t1512114510.jpg","height":0,"width":0},"keywords":null}]}